"\n    \u003Clink media=\u0022all\u0022 rel=\u0022stylesheet\u0022 href=\u0022\/assets\/frontend\/css\/lightgallery.css\u0022\u003E\n    \u003Cmeta property=\u0022og:title\u0022 content=\u0022Ganadores del concurso IX CONCURSO DE ARTES PL\u00c1STICAS DCOOP 2023\u0022\/\u003E\n    \u003Cmeta property=\u0022og:description\u0022 content=\u0022Resultados del concurso IX CONCURSO DE ARTES PL\u00c1STICAS DCOOP 2023\u0022\/\u003E\n    \u003Cmeta property=\u0022og:type\u0022 content=\u0022article\u0022\/\u003E\n    \u003Cmeta property=\u0022og:url\u0022\n          content=\u0022http:\/\/www.mundoarti.com\/concursos\/resultados\/CSB7713\/783\/795\/\u0022\/\u003E\n\n                                                \u003Cmeta property=\u0022og:image\u0022\n                      content=\u0022http:\/\/www.mundoarti.com\/uploads\/foto-obra\/63fccaca9e42c8.90846602-ACO5697.jpeg\u0022\/\u003E\n                \u003Cmeta property=\u0022og:image:alt\u0022 content=\u0022\u0022\/\u003E\n                        \n\n\n\n\n    \n    \n        \u003Cdiv class=\u0022container mt-5\u0022\u003E\n            \u003Ch2 class=\u0022title align-center title-border-bottom\u0022\u003E\n                Ganadores\n            \u003C\/h2\u003E\n            \u003Cdiv class=\u0022light_gallery\u0022\u003E\n                                    \u003Cdiv class=\u0022col-12 flex flex-wrap justify-content-start\u0022\u003E\n                                                    \n            \n                                                            \n                 \n    \n                        \n    \n    \n    \u003Cdiv class=\u0022col-lg-3 col-sm-6\u0022\u003E\n        \u003Cdiv class=\u0022shop__products__item hover__box\u0022 style=\u0022padding: 0 10px\u0022\u003E\n            \u003Cdiv class=\u0022shop__products__thumb hover__box__thumb flex align-items-center justify-content-center\u0022\u003E\n                                \u003Ca title=\u0022DO\u00d1ANA DESDE EL CERRO DE LOS \u00c1NSARES\u0022 href=\u0022https:\/\/www.mundoarti.com\/media\/cache\/resolve\/watermark_filter\/foto-obra\/63fccaca9e42c8.90846602-ACO5697.jpeg\u0022 class=\u0022grid-item\u0022 rel=\u0022nofollow\u0022\u003E\n                                        \u003Cimg data-src=\u0022https:\/\/www.mundoarti.com\/media\/cache\/resolve\/watermark_filter\/foto-obra\/63fccaca9e42c8.90846602-ACO5697.jpeg\u0022\n                         alt=\u0022DO\u00d1ANA DESDE EL CERRO DE LOS \u00c1NSARES\u0022 class=\u0022lazyload\u0022\u003E\n                    \u003C\/a\u003E\n                                                                    \n            \u003C\/div\u003E\n            \u003Cdiv class=\u0022shop__products__info\u0022\u003E\n                \u003Ch3\u003E\n                    \u003Ca title=\u0022DO\u00d1ANA DESDE EL CERRO DE LOS \u00c1NSARES\u0022\u003EDO\u00d1ANA DESDE EL CERRO DE LOS \u00c1NSARES\u003C\/a\u003E\n                \u003C\/h3\u003E\n                \u003Cdiv class=\u0022py-1\u0022\u003EJos\u00e9 Luis Romero G\u00e1ndara\u003C\/div\u003E\n                                    \u003Ch3 class=\u0022mt-3\u0022\u003E1er premio\u003C\/h3\u003E\n                                                    \u003Cspan class=\u0022shop__products__price\u0022\u003E3.500 \u20ac\u003C\/span\u003E\n                            \u003C\/div\u003E\n        \u003C\/div\u003E\n    \u003C\/div\u003E\n\n\n                                            \u003C\/div\u003E\n                            \u003C\/div\u003E\n        \u003C\/div\u003E\n                \u003Cdiv class=\u0022container mt-5\u0022\u003E\n            \u003Ch2 class=\u0022title align-center title-border-bottom\u0022\u003E\n                Seleccionados\n            \u003C\/h2\u003E\n            \u003Cdiv class=\u0022light_gallery\u0022\u003E\n                                    \u003Cdiv class=\u0022col-12 flex flex-wrap justify-content-start\u0022\u003E\n                                                    \n            \n                        \n                 \n    \n                        \n    \n    \n    \u003Cdiv class=\u0022col-lg-3 col-sm-6\u0022\u003E\n        \u003Cdiv class=\u0022shop__products__item hover__box\u0022 style=\u0022padding: 0 10px\u0022\u003E\n            \u003Cdiv class=\u0022shop__products__thumb hover__box__thumb flex align-items-center justify-content-center\u0022\u003E\n                                \u003Ca title=\u0022SIRENA BLANCA\u0022 href=\u0022https:\/\/www.mundoarti.com\/media\/cache\/resolve\/watermark_filter\/foto-obra\/63bb00ca51a872.42104207-AKP7457.jpeg\u0022 class=\u0022grid-item\u0022 rel=\u0022nofollow\u0022\u003E\n                                        \u003Cimg data-src=\u0022https:\/\/www.mundoarti.com\/media\/cache\/resolve\/watermark_filter\/foto-obra\/63bb00ca51a872.42104207-AKP7457.jpeg\u0022\n                         alt=\u0022SIRENA BLANCA\u0022 class=\u0022lazyload\u0022\u003E\n                    \u003C\/a\u003E\n                                                                    \n            \u003C\/div\u003E\n            \u003Cdiv class=\u0022shop__products__info\u0022\u003E\n                \u003Ch3\u003E\n                    \u003Ca title=\u0022SIRENA BLANCA\u0022\u003ESIRENA BLANCA\u003C\/a\u003E\n                \u003C\/h3\u003E\n                \u003Cdiv class=\u0022py-1\u0022\u003EGorka Gonz\u00e1lez Crespo\u003C\/div\u003E\n                                            \u003C\/div\u003E\n        \u003C\/div\u003E\n    \u003C\/div\u003E\n\n\n                                                    \n            \n                        \n                 \n    \n                        \n    \n    \n    \u003Cdiv class=\u0022col-lg-3 col-sm-6\u0022\u003E\n        \u003Cdiv class=\u0022shop__products__item hover__box\u0022 style=\u0022padding: 0 10px\u0022\u003E\n            \u003Cdiv class=\u0022shop__products__thumb hover__box__thumb flex align-items-center justify-content-center\u0022\u003E\n                                \u003Ca title=\u0022SIN T\u00cdTULO\u0022 href=\u0022https:\/\/www.mundoarti.com\/media\/cache\/resolve\/watermark_filter\/foto-obra\/6370b7eee297d5.89446769-AOS8240.jpeg\u0022 class=\u0022grid-item\u0022 rel=\u0022nofollow\u0022\u003E\n                                        \u003Cimg data-src=\u0022https:\/\/www.mundoarti.com\/media\/cache\/resolve\/watermark_filter\/foto-obra\/6370b7eee297d5.89446769-AOS8240.jpeg\u0022\n                         alt=\u0022SIN T\u00cdTULO\u0022 class=\u0022lazyload\u0022\u003E\n                    \u003C\/a\u003E\n                                                                    \n            \u003C\/div\u003E\n            \u003Cdiv class=\u0022shop__products__info\u0022\u003E\n                \u003Ch3\u003E\n                    \u003Ca title=\u0022SIN T\u00cdTULO\u0022\u003ESIN T\u00cdTULO\u003C\/a\u003E\n                \u003C\/h3\u003E\n                \u003Cdiv class=\u0022py-1\u0022\u003EMario Caballero\u003C\/div\u003E\n                                            \u003C\/div\u003E\n        \u003C\/div\u003E\n    \u003C\/div\u003E\n\n\n                                                    \n            \n                        \n                 \n    \n                        \n    \n    \n    \u003Cdiv class=\u0022col-lg-3 col-sm-6\u0022\u003E\n        \u003Cdiv class=\u0022shop__products__item hover__box\u0022 style=\u0022padding: 0 10px\u0022\u003E\n            \u003Cdiv class=\u0022shop__products__thumb hover__box__thumb flex align-items-center justify-content-center\u0022\u003E\n                                \u003Ca title=\u0022SOBRE LA HISTORIA IV\u0022 href=\u0022https:\/\/www.mundoarti.com\/media\/cache\/resolve\/watermark_filter\/foto-obra\/63fbda41acee50.37263299-AWK9277.jpeg\u0022 class=\u0022grid-item\u0022 rel=\u0022nofollow\u0022\u003E\n                                        \u003Cimg data-src=\u0022https:\/\/www.mundoarti.com\/media\/cache\/resolve\/watermark_filter\/foto-obra\/63fbda41acee50.37263299-AWK9277.jpeg\u0022\n                         alt=\u0022SOBRE LA HISTORIA IV\u0022 class=\u0022lazyload\u0022\u003E\n                    \u003C\/a\u003E\n                                                                    \n            \u003C\/div\u003E\n            \u003Cdiv class=\u0022shop__products__info\u0022\u003E\n                \u003Ch3\u003E\n                    \u003Ca title=\u0022SOBRE LA HISTORIA IV\u0022\u003ESOBRE LA HISTORIA IV\u003C\/a\u003E\n                \u003C\/h3\u003E\n                \u003Cdiv class=\u0022py-1\u0022\u003EJorge Gallego Garc\u00eda\u003C\/div\u003E\n                                            \u003C\/div\u003E\n        \u003C\/div\u003E\n    \u003C\/div\u003E\n\n\n                                                    \n            \n                        \n                 \n    \n                        \n    \n    \n    \u003Cdiv class=\u0022col-lg-3 col-sm-6\u0022\u003E\n        \u003Cdiv class=\u0022shop__products__item hover__box\u0022 style=\u0022padding: 0 10px\u0022\u003E\n            \u003Cdiv class=\u0022shop__products__thumb hover__box__thumb flex align-items-center justify-content-center\u0022\u003E\n                                \u003Ca title=\u0022CHAPA Y PINTURA. TU COCHE, TU CASA Y TU NOVIA\u0022 href=\u0022https:\/\/www.mundoarti.com\/media\/cache\/resolve\/watermark_filter\/foto-obra\/63fc97862cec16.63414384-ABE7470.jpeg\u0022 class=\u0022grid-item\u0022 rel=\u0022nofollow\u0022\u003E\n                                        \u003Cimg data-src=\u0022https:\/\/www.mundoarti.com\/media\/cache\/resolve\/watermark_filter\/foto-obra\/63fc97862cec16.63414384-ABE7470.jpeg\u0022\n                         alt=\u0022CHAPA Y PINTURA. TU COCHE, TU CASA Y TU NOVIA\u0022 class=\u0022lazyload\u0022\u003E\n                    \u003C\/a\u003E\n                                                                    \n            \u003C\/div\u003E\n            \u003Cdiv class=\u0022shop__products__info\u0022\u003E\n                \u003Ch3\u003E\n                    \u003Ca title=\u0022CHAPA Y PINTURA. TU COCHE, TU CASA Y TU NOVIA\u0022\u003ECHAPA Y PINTURA. TU COCHE, TU CASA Y TU NOVIA\u003C\/a\u003E\n                \u003C\/h3\u003E\n                \u003Cdiv class=\u0022py-1\u0022\u003EQuique Ortiz\u003C\/div\u003E\n                                            \u003C\/div\u003E\n        \u003C\/div\u003E\n    \u003C\/div\u003E\n\n\n                                                    \n            \n                        \n                 \n    \n                        \n    \n    \n    \u003Cdiv class=\u0022col-lg-3 col-sm-6\u0022\u003E\n        \u003Cdiv class=\u0022shop__products__item hover__box\u0022 style=\u0022padding: 0 10px\u0022\u003E\n            \u003Cdiv class=\u0022shop__products__thumb hover__box__thumb flex align-items-center justify-content-center\u0022\u003E\n                                \u003Ca title=\u0022EL PERRO CUIDANDO DE SU REBA\u00d1O\u0022 href=\u0022https:\/\/www.mundoarti.com\/media\/cache\/resolve\/watermark_filter\/foto-obra\/63efb1cea2ea23.75797153-AGA0529.jpeg\u0022 class=\u0022grid-item\u0022 rel=\u0022nofollow\u0022\u003E\n                                        \u003Cimg data-src=\u0022https:\/\/www.mundoarti.com\/media\/cache\/resolve\/watermark_filter\/foto-obra\/63efb1cea2ea23.75797153-AGA0529.jpeg\u0022\n                         alt=\u0022EL PERRO CUIDANDO DE SU REBA\u00d1O\u0022 class=\u0022lazyload\u0022\u003E\n                    \u003C\/a\u003E\n                                                                    \n            \u003C\/div\u003E\n            \u003Cdiv class=\u0022shop__products__info\u0022\u003E\n                \u003Ch3\u003E\n                    \u003Ca title=\u0022EL PERRO CUIDANDO DE SU REBA\u00d1O\u0022\u003EEL PERRO CUIDANDO DE SU REBA\u00d1O\u003C\/a\u003E\n                \u003C\/h3\u003E\n                \u003Cdiv class=\u0022py-1\u0022\u003EAntonio Varas de la Rosa\u003C\/div\u003E\n                                            \u003C\/div\u003E\n        \u003C\/div\u003E\n    \u003C\/div\u003E\n\n\n                                                    \n            \n                        \n                 \n    \n                        \n    \n    \n    \u003Cdiv class=\u0022col-lg-3 col-sm-6\u0022\u003E\n        \u003Cdiv class=\u0022shop__products__item hover__box\u0022 style=\u0022padding: 0 10px\u0022\u003E\n            \u003Cdiv class=\u0022shop__products__thumb hover__box__thumb flex align-items-center justify-content-center\u0022\u003E\n                                \u003Ca title=\u0022LA MODISTA\u0022 href=\u0022https:\/\/www.mundoarti.com\/media\/cache\/resolve\/watermark_filter\/foto-obra\/63f8a3a5327457.25012121-AUQ0275.jpeg\u0022 class=\u0022grid-item\u0022 rel=\u0022nofollow\u0022\u003E\n                                        \u003Cimg data-src=\u0022https:\/\/www.mundoarti.com\/media\/cache\/resolve\/watermark_filter\/foto-obra\/63f8a3a5327457.25012121-AUQ0275.jpeg\u0022\n                         alt=\u0022LA MODISTA\u0022 class=\u0022lazyload\u0022\u003E\n                    \u003C\/a\u003E\n                                                                    \n            \u003C\/div\u003E\n            \u003Cdiv class=\u0022shop__products__info\u0022\u003E\n                \u003Ch3\u003E\n                    \u003Ca title=\u0022LA MODISTA\u0022\u003ELA MODISTA\u003C\/a\u003E\n                \u003C\/h3\u003E\n                \u003Cdiv class=\u0022py-1\u0022\u003EJes\u00fas de la Rosa\u003C\/div\u003E\n                                            \u003C\/div\u003E\n        \u003C\/div\u003E\n    \u003C\/div\u003E\n\n\n                                                    \n            \n                        \n                 \n    \n                        \n    \n    \n    \u003Cdiv class=\u0022col-lg-3 col-sm-6\u0022\u003E\n        \u003Cdiv class=\u0022shop__products__item hover__box\u0022 style=\u0022padding: 0 10px\u0022\u003E\n            \u003Cdiv class=\u0022shop__products__thumb hover__box__thumb flex align-items-center justify-content-center\u0022\u003E\n                                \u003Ca title=\u0022VERDURAS\u0022 href=\u0022https:\/\/www.mundoarti.com\/media\/cache\/resolve\/watermark_filter\/foto-obra\/63b3efc99e14b0.40044624-AFY5251.jpeg\u0022 class=\u0022grid-item\u0022 rel=\u0022nofollow\u0022\u003E\n                                        \u003Cimg data-src=\u0022https:\/\/www.mundoarti.com\/media\/cache\/resolve\/watermark_filter\/foto-obra\/63b3efc99e14b0.40044624-AFY5251.jpeg\u0022\n                         alt=\u0022VERDURAS\u0022 class=\u0022lazyload\u0022\u003E\n                    \u003C\/a\u003E\n                                                                    \n            \u003C\/div\u003E\n            \u003Cdiv class=\u0022shop__products__info\u0022\u003E\n                \u003Ch3\u003E\n                    \u003Ca title=\u0022VERDURAS\u0022\u003EVERDURAS\u003C\/a\u003E\n                \u003C\/h3\u003E\n                \u003Cdiv class=\u0022py-1\u0022\u003ECarles Dalmau Rovirosa\u003C\/div\u003E\n                                            \u003C\/div\u003E\n        \u003C\/div\u003E\n    \u003C\/div\u003E\n\n\n                                                    \n            \n                        \n                 \n    \n                        \n    \n    \n    \u003Cdiv class=\u0022col-lg-3 col-sm-6\u0022\u003E\n        \u003Cdiv class=\u0022shop__products__item hover__box\u0022 style=\u0022padding: 0 10px\u0022\u003E\n            \u003Cdiv class=\u0022shop__products__thumb hover__box__thumb flex align-items-center justify-content-center\u0022\u003E\n                                \u003Ca title=\u0022TIERRA Y PLATA\u0022 href=\u0022https:\/\/www.mundoarti.com\/media\/cache\/resolve\/watermark_filter\/foto-obra\/63f64faa4871a3.75452050-ARS6952.jpeg\u0022 class=\u0022grid-item\u0022 rel=\u0022nofollow\u0022\u003E\n                                        \u003Cimg data-src=\u0022https:\/\/www.mundoarti.com\/media\/cache\/resolve\/watermark_filter\/foto-obra\/63f64faa4871a3.75452050-ARS6952.jpeg\u0022\n                         alt=\u0022TIERRA Y PLATA\u0022 class=\u0022lazyload\u0022\u003E\n                    \u003C\/a\u003E\n                                                                    \n            \u003C\/div\u003E\n            \u003Cdiv class=\u0022shop__products__info\u0022\u003E\n                \u003Ch3\u003E\n                    \u003Ca title=\u0022TIERRA Y PLATA\u0022\u003ETIERRA Y PLATA\u003C\/a\u003E\n                \u003C\/h3\u003E\n                \u003Cdiv class=\u0022py-1\u0022\u003EAdri\u00e1n Francisco Marmolejo Clarhed\u003C\/div\u003E\n                                            \u003C\/div\u003E\n        \u003C\/div\u003E\n    \u003C\/div\u003E\n\n\n                                                    \n            \n                        \n                 \n    \n                        \n    \n    \n    \u003Cdiv class=\u0022col-lg-3 col-sm-6\u0022\u003E\n        \u003Cdiv class=\u0022shop__products__item hover__box\u0022 style=\u0022padding: 0 10px\u0022\u003E\n            \u003Cdiv class=\u0022shop__products__thumb hover__box__thumb flex align-items-center justify-content-center\u0022\u003E\n                                \u003Ca title=\u0022PLACIDEZ\u0022 href=\u0022https:\/\/www.mundoarti.com\/media\/cache\/resolve\/watermark_filter\/foto-obra\/63fb486ee91043.92874151-AWT6377.jpeg\u0022 class=\u0022grid-item\u0022 rel=\u0022nofollow\u0022\u003E\n                                        \u003Cimg data-src=\u0022https:\/\/www.mundoarti.com\/media\/cache\/resolve\/watermark_filter\/foto-obra\/63fb486ee91043.92874151-AWT6377.jpeg\u0022\n                         alt=\u0022PLACIDEZ\u0022 class=\u0022lazyload\u0022\u003E\n                    \u003C\/a\u003E\n                                                                    \n            \u003C\/div\u003E\n            \u003Cdiv class=\u0022shop__products__info\u0022\u003E\n                \u003Ch3\u003E\n                    \u003Ca title=\u0022PLACIDEZ\u0022\u003EPLACIDEZ\u003C\/a\u003E\n                \u003C\/h3\u003E\n                \u003Cdiv class=\u0022py-1\u0022\u003EAmador Sevilla Garc\u00eda\u003C\/div\u003E\n                                            \u003C\/div\u003E\n        \u003C\/div\u003E\n    \u003C\/div\u003E\n\n\n                                                    \n            \n                        \n                 \n    \n                        \n    \n    \n    \u003Cdiv class=\u0022col-lg-3 col-sm-6\u0022\u003E\n        \u003Cdiv class=\u0022shop__products__item hover__box\u0022 style=\u0022padding: 0 10px\u0022\u003E\n            \u003Cdiv class=\u0022shop__products__thumb hover__box__thumb flex align-items-center justify-content-center\u0022\u003E\n                                \u003Ca title=\u0022LA MIRADA APACIBLE ENTRE EL TUMULTO\u0022 href=\u0022https:\/\/www.mundoarti.com\/media\/cache\/resolve\/watermark_filter\/foto-obra\/63da385512c880.13280995-AQQ6400.jpeg\u0022 class=\u0022grid-item\u0022 rel=\u0022nofollow\u0022\u003E\n                                        \u003Cimg data-src=\u0022https:\/\/www.mundoarti.com\/media\/cache\/resolve\/watermark_filter\/foto-obra\/63da385512c880.13280995-AQQ6400.jpeg\u0022\n                         alt=\u0022LA MIRADA APACIBLE ENTRE EL TUMULTO\u0022 class=\u0022lazyload\u0022\u003E\n                    \u003C\/a\u003E\n                                                                    \n            \u003C\/div\u003E\n            \u003Cdiv class=\u0022shop__products__info\u0022\u003E\n                \u003Ch3\u003E\n                    \u003Ca title=\u0022LA MIRADA APACIBLE ENTRE EL TUMULTO\u0022\u003ELA MIRADA APACIBLE ENTRE EL TUMULTO\u003C\/a\u003E\n                \u003C\/h3\u003E\n                \u003Cdiv class=\u0022py-1\u0022\u003ERafael Lago\u003C\/div\u003E\n                                            \u003C\/div\u003E\n        \u003C\/div\u003E\n    \u003C\/div\u003E\n\n\n                                                    \n            \n                        \n                 \n    \n                        \n    \n    \n    \u003Cdiv class=\u0022col-lg-3 col-sm-6\u0022\u003E\n        \u003Cdiv class=\u0022shop__products__item hover__box\u0022 style=\u0022padding: 0 10px\u0022\u003E\n            \u003Cdiv class=\u0022shop__products__thumb hover__box__thumb flex align-items-center justify-content-center\u0022\u003E\n                                \u003Ca title=\u0022RIA\u0022 href=\u0022https:\/\/www.mundoarti.com\/media\/cache\/resolve\/watermark_filter\/foto-obra\/63af5b1387e9c9.47388919-AGU2749.jpeg\u0022 class=\u0022grid-item\u0022 rel=\u0022nofollow\u0022\u003E\n                                        \u003Cimg data-src=\u0022https:\/\/www.mundoarti.com\/media\/cache\/resolve\/watermark_filter\/foto-obra\/63af5b1387e9c9.47388919-AGU2749.jpeg\u0022\n                         alt=\u0022RIA\u0022 class=\u0022lazyload\u0022\u003E\n                    \u003C\/a\u003E\n                                                                    \n            \u003C\/div\u003E\n            \u003Cdiv class=\u0022shop__products__info\u0022\u003E\n                \u003Ch3\u003E\n                    \u003Ca title=\u0022RIA\u0022\u003ERIA\u003C\/a\u003E\n                \u003C\/h3\u003E\n                \u003Cdiv class=\u0022py-1\u0022\u003EBERNABE  FERNANDEZ LLANA\u003C\/div\u003E\n                                            \u003C\/div\u003E\n        \u003C\/div\u003E\n    \u003C\/div\u003E\n\n\n                                                    \n            \n                        \n                 \n    \n                        \n    \n    \n    \u003Cdiv class=\u0022col-lg-3 col-sm-6\u0022\u003E\n        \u003Cdiv class=\u0022shop__products__item hover__box\u0022 style=\u0022padding: 0 10px\u0022\u003E\n            \u003Cdiv class=\u0022shop__products__thumb hover__box__thumb flex align-items-center justify-content-center\u0022\u003E\n                                \u003Ca title=\u0022VIEJO NARANJO \u0022 href=\u0022https:\/\/www.mundoarti.com\/media\/cache\/resolve\/watermark_filter\/foto-obra\/63dd3b0c6fdbe8.08092119-AYJ5224.jpeg\u0022 class=\u0022grid-item\u0022 rel=\u0022nofollow\u0022\u003E\n                                        \u003Cimg data-src=\u0022https:\/\/www.mundoarti.com\/media\/cache\/resolve\/watermark_filter\/foto-obra\/63dd3b0c6fdbe8.08092119-AYJ5224.jpeg\u0022\n                         alt=\u0022VIEJO NARANJO \u0022 class=\u0022lazyload\u0022\u003E\n                    \u003C\/a\u003E\n                                                                    \n            \u003C\/div\u003E\n            \u003Cdiv class=\u0022shop__products__info\u0022\u003E\n                \u003Ch3\u003E\n                    \u003Ca title=\u0022VIEJO NARANJO \u0022\u003EVIEJO NARANJO \u003C\/a\u003E\n                \u003C\/h3\u003E\n                \u003Cdiv class=\u0022py-1\u0022\u003ERa\u00fal Collado Herreros\u003C\/div\u003E\n                                            \u003C\/div\u003E\n        \u003C\/div\u003E\n    \u003C\/div\u003E\n\n\n                                                    \n            \n                        \n                 \n    \n                        \n    \n    \n    \u003Cdiv class=\u0022col-lg-3 col-sm-6\u0022\u003E\n        \u003Cdiv class=\u0022shop__products__item hover__box\u0022 style=\u0022padding: 0 10px\u0022\u003E\n            \u003Cdiv class=\u0022shop__products__thumb hover__box__thumb flex align-items-center justify-content-center\u0022\u003E\n                                \u003Ca title=\u0022APHRODITE HEYL, \u0022 href=\u0022https:\/\/www.mundoarti.com\/media\/cache\/resolve\/watermark_filter\/foto-obra\/63af07970755c3.98580891-ATH3448.jpeg\u0022 class=\u0022grid-item\u0022 rel=\u0022nofollow\u0022\u003E\n                                        \u003Cimg data-src=\u0022https:\/\/www.mundoarti.com\/media\/cache\/resolve\/watermark_filter\/foto-obra\/63af07970755c3.98580891-ATH3448.jpeg\u0022\n                         alt=\u0022APHRODITE HEYL, \u0022 class=\u0022lazyload\u0022\u003E\n                    \u003C\/a\u003E\n                                                                    \n            \u003C\/div\u003E\n            \u003Cdiv class=\u0022shop__products__info\u0022\u003E\n                \u003Ch3\u003E\n                    \u003Ca title=\u0022APHRODITE HEYL, \u0022\u003EAPHRODITE HEYL, \u003C\/a\u003E\n                \u003C\/h3\u003E\n                \u003Cdiv class=\u0022py-1\u0022\u003ERafael Cardoso\u003C\/div\u003E\n                                            \u003C\/div\u003E\n        \u003C\/div\u003E\n    \u003C\/div\u003E\n\n\n                                                    \n            \n                        \n                 \n    \n                        \n    \n    \n    \u003Cdiv class=\u0022col-lg-3 col-sm-6\u0022\u003E\n        \u003Cdiv class=\u0022shop__products__item hover__box\u0022 style=\u0022padding: 0 10px\u0022\u003E\n            \u003Cdiv class=\u0022shop__products__thumb hover__box__thumb flex align-items-center justify-content-center\u0022\u003E\n                                \u003Ca title=\u0022ENSAIO SOBRE A EXPERI\u00caNCIA DE SER IN\u00daTIL\u0022 href=\u0022https:\/\/www.mundoarti.com\/media\/cache\/resolve\/watermark_filter\/foto-obra\/63fe24f12d6ac9.09841878-AJR6100.jpeg\u0022 class=\u0022grid-item\u0022 rel=\u0022nofollow\u0022\u003E\n                                        \u003Cimg data-src=\u0022https:\/\/www.mundoarti.com\/media\/cache\/resolve\/watermark_filter\/foto-obra\/63fe24f12d6ac9.09841878-AJR6100.jpeg\u0022\n                         alt=\u0022ENSAIO SOBRE A EXPERI\u00caNCIA DE SER IN\u00daTIL\u0022 class=\u0022lazyload\u0022\u003E\n                    \u003C\/a\u003E\n                                                            \u003Ca title=\u0022ENSAIO SOBRE A EXPERI\u00caNCIA DE SER IN\u00daTIL\u0022 rel=\u0022nofollow\u0022\n                           href=\u0022https:\/\/mundoarti-prod.s3.eu-west-3.amazonaws.com\/watermark_filter\/foto-obra\/63fe24f181c0d4.12384560-AJR6100.jpg\u0022\n                           class=\u0022grid-item\u0022\u003E\n                        \u003C\/a\u003E\n                                            \u003Ca title=\u0022ENSAIO SOBRE A EXPERI\u00caNCIA DE SER IN\u00daTIL\u0022 rel=\u0022nofollow\u0022\n                           href=\u0022https:\/\/mundoarti-prod.s3.eu-west-3.amazonaws.com\/watermark_filter\/foto-obra\/63fe24f1c422a0.03143379-AJR6100.jpg\u0022\n                           class=\u0022grid-item\u0022\u003E\n                        \u003C\/a\u003E\n                                                    \n            \u003C\/div\u003E\n            \u003Cdiv class=\u0022shop__products__info\u0022\u003E\n                \u003Ch3\u003E\n                    \u003Ca title=\u0022ENSAIO SOBRE A EXPERI\u00caNCIA DE SER IN\u00daTIL\u0022\u003EENSAIO SOBRE A EXPERI\u00caNCIA DE SER IN\u00daTIL\u003C\/a\u003E\n                \u003C\/h3\u003E\n                \u003Cdiv class=\u0022py-1\u0022\u003EPedro Cunha\u003C\/div\u003E\n                                            \u003C\/div\u003E\n        \u003C\/div\u003E\n    \u003C\/div\u003E\n\n\n                                                    \n            \n                        \n                 \n    \n                        \n    \n    \n    \u003Cdiv class=\u0022col-lg-3 col-sm-6\u0022\u003E\n        \u003Cdiv class=\u0022shop__products__item hover__box\u0022 style=\u0022padding: 0 10px\u0022\u003E\n            \u003Cdiv class=\u0022shop__products__thumb hover__box__thumb flex align-items-center justify-content-center\u0022\u003E\n                                \u003Ca title=\u0022RESILIENTE 46\u0022 href=\u0022https:\/\/www.mundoarti.com\/media\/cache\/resolve\/watermark_filter\/foto-obra\/634eb3f8521892.10734643-ABJ5717.jpeg\u0022 class=\u0022grid-item\u0022 rel=\u0022nofollow\u0022\u003E\n                                        \u003Cimg data-src=\u0022https:\/\/www.mundoarti.com\/media\/cache\/resolve\/watermark_filter\/foto-obra\/634eb3f8521892.10734643-ABJ5717.jpeg\u0022\n                         alt=\u0022RESILIENTE 46\u0022 class=\u0022lazyload\u0022\u003E\n                    \u003C\/a\u003E\n                                                                    \n            \u003C\/div\u003E\n            \u003Cdiv class=\u0022shop__products__info\u0022\u003E\n                \u003Ch3\u003E\n                    \u003Ca title=\u0022RESILIENTE 46\u0022\u003ERESILIENTE 46\u003C\/a\u003E\n                \u003C\/h3\u003E\n                \u003Cdiv class=\u0022py-1\u0022\u003Efernando jimenez fernandez\u003C\/div\u003E\n                                            \u003C\/div\u003E\n        \u003C\/div\u003E\n    \u003C\/div\u003E\n\n\n                                                    \n            \n                        \n                 \n    \n                        \n    \n    \n    \u003Cdiv class=\u0022col-lg-3 col-sm-6\u0022\u003E\n        \u003Cdiv class=\u0022shop__products__item hover__box\u0022 style=\u0022padding: 0 10px\u0022\u003E\n            \u003Cdiv class=\u0022shop__products__thumb hover__box__thumb flex align-items-center justify-content-center\u0022\u003E\n                                \u003Ca title=\u0022FRASCOS, BOTELLA AZUL Y ACEITUNA\u0022 href=\u0022https:\/\/www.mundoarti.com\/media\/cache\/resolve\/watermark_filter\/foto-obra\/6395b98ee66e42.64848800-AXO1717.jpeg\u0022 class=\u0022grid-item\u0022 rel=\u0022nofollow\u0022\u003E\n                                        \u003Cimg data-src=\u0022https:\/\/www.mundoarti.com\/media\/cache\/resolve\/watermark_filter\/foto-obra\/6395b98ee66e42.64848800-AXO1717.jpeg\u0022\n                         alt=\u0022FRASCOS, BOTELLA AZUL Y ACEITUNA\u0022 class=\u0022lazyload\u0022\u003E\n                    \u003C\/a\u003E\n                                                                    \n            \u003C\/div\u003E\n            \u003Cdiv class=\u0022shop__products__info\u0022\u003E\n                \u003Ch3\u003E\n                    \u003Ca title=\u0022FRASCOS, BOTELLA AZUL Y ACEITUNA\u0022\u003EFRASCOS, BOTELLA AZUL Y ACEITUNA\u003C\/a\u003E\n                \u003C\/h3\u003E\n                \u003Cdiv class=\u0022py-1\u0022\u003EMiguel \u00c1ngel N\u00fa\u00f1ez\u003C\/div\u003E\n                                            \u003C\/div\u003E\n        \u003C\/div\u003E\n    \u003C\/div\u003E\n\n\n                                                    \n            \n                        \n                 \n    \n                        \n    \n    \n    \u003Cdiv class=\u0022col-lg-3 col-sm-6\u0022\u003E\n        \u003Cdiv class=\u0022shop__products__item hover__box\u0022 style=\u0022padding: 0 10px\u0022\u003E\n            \u003Cdiv class=\u0022shop__products__thumb hover__box__thumb flex align-items-center justify-content-center\u0022\u003E\n                                \u003Ca title=\u0022CHERRY\u0022 href=\u0022https:\/\/www.mundoarti.com\/media\/cache\/resolve\/watermark_filter\/foto-obra\/63a450c041f8a4.70087485-AAH3974.jpeg\u0022 class=\u0022grid-item\u0022 rel=\u0022nofollow\u0022\u003E\n                                        \u003Cimg data-src=\u0022https:\/\/www.mundoarti.com\/media\/cache\/resolve\/watermark_filter\/foto-obra\/63a450c041f8a4.70087485-AAH3974.jpeg\u0022\n                         alt=\u0022CHERRY\u0022 class=\u0022lazyload\u0022\u003E\n                    \u003C\/a\u003E\n                                                                    \n            \u003C\/div\u003E\n            \u003Cdiv class=\u0022shop__products__info\u0022\u003E\n                \u003Ch3\u003E\n                    \u003Ca title=\u0022CHERRY\u0022\u003ECHERRY\u003C\/a\u003E\n                \u003C\/h3\u003E\n                \u003Cdiv class=\u0022py-1\u0022\u003EValentina M\u00e9ndez\u003C\/div\u003E\n                                            \u003C\/div\u003E\n        \u003C\/div\u003E\n    \u003C\/div\u003E\n\n\n                                                    \n            \n                        \n                 \n    \n                        \n    \n    \n    \u003Cdiv class=\u0022col-lg-3 col-sm-6\u0022\u003E\n        \u003Cdiv class=\u0022shop__products__item hover__box\u0022 style=\u0022padding: 0 10px\u0022\u003E\n            \u003Cdiv class=\u0022shop__products__thumb hover__box__thumb flex align-items-center justify-content-center\u0022\u003E\n                                \u003Ca title=\u0022DO\u00d1ANA DESDE EL CERRO DE LOS \u00c1NSARES\u0022 href=\u0022https:\/\/www.mundoarti.com\/media\/cache\/resolve\/watermark_filter\/foto-obra\/63fccaca9e42c8.90846602-ACO5697.jpeg\u0022 class=\u0022grid-item\u0022 rel=\u0022nofollow\u0022\u003E\n                                        \u003Cimg data-src=\u0022https:\/\/www.mundoarti.com\/media\/cache\/resolve\/watermark_filter\/foto-obra\/63fccaca9e42c8.90846602-ACO5697.jpeg\u0022\n                         alt=\u0022DO\u00d1ANA DESDE EL CERRO DE LOS \u00c1NSARES\u0022 class=\u0022lazyload\u0022\u003E\n                    \u003C\/a\u003E\n                                                                    \n            \u003C\/div\u003E\n            \u003Cdiv class=\u0022shop__products__info\u0022\u003E\n                \u003Ch3\u003E\n                    \u003Ca title=\u0022DO\u00d1ANA DESDE EL CERRO DE LOS \u00c1NSARES\u0022\u003EDO\u00d1ANA DESDE EL CERRO DE LOS \u00c1NSARES\u003C\/a\u003E\n                \u003C\/h3\u003E\n                \u003Cdiv class=\u0022py-1\u0022\u003EJos\u00e9 Luis Romero G\u00e1ndara\u003C\/div\u003E\n                                            \u003C\/div\u003E\n        \u003C\/div\u003E\n    \u003C\/div\u003E\n\n\n                                                    \n            \n                        \n                 \n    \n                        \n    \n    \n    \u003Cdiv class=\u0022col-lg-3 col-sm-6\u0022\u003E\n        \u003Cdiv class=\u0022shop__products__item hover__box\u0022 style=\u0022padding: 0 10px\u0022\u003E\n            \u003Cdiv class=\u0022shop__products__thumb hover__box__thumb flex align-items-center justify-content-center\u0022\u003E\n                                \u003Ca title=\u0022PERPETUIDAD SIN \u0022 href=\u0022https:\/\/www.mundoarti.com\/media\/cache\/resolve\/watermark_filter\/foto-obra\/63928247276495.57684830-ADV0727.jpeg\u0022 class=\u0022grid-item\u0022 rel=\u0022nofollow\u0022\u003E\n                                        \u003Cimg data-src=\u0022https:\/\/www.mundoarti.com\/media\/cache\/resolve\/watermark_filter\/foto-obra\/63928247276495.57684830-ADV0727.jpeg\u0022\n                         alt=\u0022PERPETUIDAD SIN \u0022 class=\u0022lazyload\u0022\u003E\n                    \u003C\/a\u003E\n                                                                    \n            \u003C\/div\u003E\n            \u003Cdiv class=\u0022shop__products__info\u0022\u003E\n                \u003Ch3\u003E\n                    \u003Ca title=\u0022PERPETUIDAD SIN \u0022\u003EPERPETUIDAD SIN \u003C\/a\u003E\n                \u003C\/h3\u003E\n                \u003Cdiv class=\u0022py-1\u0022\u003EJob Carrasco Contreras\u003C\/div\u003E\n                                            \u003C\/div\u003E\n        \u003C\/div\u003E\n    \u003C\/div\u003E\n\n\n                                                    \n            \n                        \n                 \n    \n                        \n    \n    \n    \u003Cdiv class=\u0022col-lg-3 col-sm-6\u0022\u003E\n        \u003Cdiv class=\u0022shop__products__item hover__box\u0022 style=\u0022padding: 0 10px\u0022\u003E\n            \u003Cdiv class=\u0022shop__products__thumb hover__box__thumb flex align-items-center justify-content-center\u0022\u003E\n                                \u003Ca title=\u0022CUADERNOS DE VERANO\u0022 href=\u0022https:\/\/www.mundoarti.com\/media\/cache\/resolve\/watermark_filter\/foto-obra\/63f26bb37a6974.51537621-ABU9122.jpeg\u0022 class=\u0022grid-item\u0022 rel=\u0022nofollow\u0022\u003E\n                                        \u003Cimg data-src=\u0022https:\/\/www.mundoarti.com\/media\/cache\/resolve\/watermark_filter\/foto-obra\/63f26bb37a6974.51537621-ABU9122.jpeg\u0022\n                         alt=\u0022CUADERNOS DE VERANO\u0022 class=\u0022lazyload\u0022\u003E\n                    \u003C\/a\u003E\n                                                                    \n            \u003C\/div\u003E\n            \u003Cdiv class=\u0022shop__products__info\u0022\u003E\n                \u003Ch3\u003E\n                    \u003Ca title=\u0022CUADERNOS DE VERANO\u0022\u003ECUADERNOS DE VERANO\u003C\/a\u003E\n                \u003C\/h3\u003E\n                \u003Cdiv class=\u0022py-1\u0022\u003ESusana Garc\u00eda Bravo\u003C\/div\u003E\n                                            \u003C\/div\u003E\n        \u003C\/div\u003E\n    \u003C\/div\u003E\n\n\n                                                    \n            \n                        \n                 \n    \n                        \n    \n    \n    \u003Cdiv class=\u0022col-lg-3 col-sm-6\u0022\u003E\n        \u003Cdiv class=\u0022shop__products__item hover__box\u0022 style=\u0022padding: 0 10px\u0022\u003E\n            \u003Cdiv class=\u0022shop__products__thumb hover__box__thumb flex align-items-center justify-content-center\u0022\u003E\n                                \u003Ca title=\u0022INOCENCIA EXISTENCIAL\u0022 href=\u0022https:\/\/www.mundoarti.com\/media\/cache\/resolve\/watermark_filter\/foto-obra\/63cf24bfccf815.01892837-ANW1982.jpeg\u0022 class=\u0022grid-item\u0022 rel=\u0022nofollow\u0022\u003E\n                                        \u003Cimg data-src=\u0022https:\/\/www.mundoarti.com\/media\/cache\/resolve\/watermark_filter\/foto-obra\/63cf24bfccf815.01892837-ANW1982.jpeg\u0022\n                         alt=\u0022INOCENCIA EXISTENCIAL\u0022 class=\u0022lazyload\u0022\u003E\n                    \u003C\/a\u003E\n                                                                    \n            \u003C\/div\u003E\n            \u003Cdiv class=\u0022shop__products__info\u0022\u003E\n                \u003Ch3\u003E\n                    \u003Ca title=\u0022INOCENCIA EXISTENCIAL\u0022\u003EINOCENCIA EXISTENCIAL\u003C\/a\u003E\n                \u003C\/h3\u003E\n                \u003Cdiv class=\u0022py-1\u0022\u003EFrancisco Manuel Cort\u00e9s P\u00e9rez\u003C\/div\u003E\n                                            \u003C\/div\u003E\n        \u003C\/div\u003E\n    \u003C\/div\u003E\n\n\n                                                    \n            \n                        \n                 \n    \n                        \n    \n    \n    \u003Cdiv class=\u0022col-lg-3 col-sm-6\u0022\u003E\n        \u003Cdiv class=\u0022shop__products__item hover__box\u0022 style=\u0022padding: 0 10px\u0022\u003E\n            \u003Cdiv class=\u0022shop__products__thumb hover__box__thumb flex align-items-center justify-content-center\u0022\u003E\n                                \u003Ca title=\u0022CARDO MARIANO\u0022 href=\u0022https:\/\/www.mundoarti.com\/media\/cache\/resolve\/watermark_filter\/foto-obra\/63eaa4c72246b7.86397219-AVW7789.jpeg\u0022 class=\u0022grid-item\u0022 rel=\u0022nofollow\u0022\u003E\n                                        \u003Cimg data-src=\u0022https:\/\/www.mundoarti.com\/media\/cache\/resolve\/watermark_filter\/foto-obra\/63eaa4c72246b7.86397219-AVW7789.jpeg\u0022\n                         alt=\u0022CARDO MARIANO\u0022 class=\u0022lazyload\u0022\u003E\n                    \u003C\/a\u003E\n                                                                    \n            \u003C\/div\u003E\n            \u003Cdiv class=\u0022shop__products__info\u0022\u003E\n                \u003Ch3\u003E\n                    \u003Ca title=\u0022CARDO MARIANO\u0022\u003ECARDO MARIANO\u003C\/a\u003E\n                \u003C\/h3\u003E\n                \u003Cdiv class=\u0022py-1\u0022\u003ERaquel Rodrigo Rodrigo\u003C\/div\u003E\n                                            \u003C\/div\u003E\n        \u003C\/div\u003E\n    \u003C\/div\u003E\n\n\n                                                    \n            \n                        \n                 \n    \n                        \n    \n    \n    \u003Cdiv class=\u0022col-lg-3 col-sm-6\u0022\u003E\n        \u003Cdiv class=\u0022shop__products__item hover__box\u0022 style=\u0022padding: 0 10px\u0022\u003E\n            \u003Cdiv class=\u0022shop__products__thumb hover__box__thumb flex align-items-center justify-content-center\u0022\u003E\n                                \u003Ca title=\u0022SOY YO XI\u0022 href=\u0022https:\/\/www.mundoarti.com\/media\/cache\/resolve\/watermark_filter\/foto-obra\/63efdb9876ef46.78858495-AQJ2203.jpeg\u0022 class=\u0022grid-item\u0022 rel=\u0022nofollow\u0022\u003E\n                                        \u003Cimg data-src=\u0022https:\/\/www.mundoarti.com\/media\/cache\/resolve\/watermark_filter\/foto-obra\/63efdb9876ef46.78858495-AQJ2203.jpeg\u0022\n                         alt=\u0022SOY YO XI\u0022 class=\u0022lazyload\u0022\u003E\n                    \u003C\/a\u003E\n                                                                    \n            \u003C\/div\u003E\n            \u003Cdiv class=\u0022shop__products__info\u0022\u003E\n                \u003Ch3\u003E\n                    \u003Ca title=\u0022SOY YO XI\u0022\u003ESOY YO XI\u003C\/a\u003E\n                \u003C\/h3\u003E\n                \u003Cdiv class=\u0022py-1\u0022\u003ECarlos Rojas-Redondo\u003C\/div\u003E\n                                            \u003C\/div\u003E\n        \u003C\/div\u003E\n    \u003C\/div\u003E\n\n\n                                                    \n            \n                        \n                 \n    \n                        \n    \n    \n    \u003Cdiv class=\u0022col-lg-3 col-sm-6\u0022\u003E\n        \u003Cdiv class=\u0022shop__products__item hover__box\u0022 style=\u0022padding: 0 10px\u0022\u003E\n            \u003Cdiv class=\u0022shop__products__thumb hover__box__thumb flex align-items-center justify-content-center\u0022\u003E\n                                \u003Ca title=\u0022CAJONES\u0022 href=\u0022https:\/\/www.mundoarti.com\/media\/cache\/resolve\/watermark_filter\/foto-obra\/636a364526de60.90240491-AKG2880.jpeg\u0022 class=\u0022grid-item\u0022 rel=\u0022nofollow\u0022\u003E\n                                        \u003Cimg data-src=\u0022https:\/\/www.mundoarti.com\/media\/cache\/resolve\/watermark_filter\/foto-obra\/636a364526de60.90240491-AKG2880.jpeg\u0022\n                         alt=\u0022CAJONES\u0022 class=\u0022lazyload\u0022\u003E\n                    \u003C\/a\u003E\n                                                                    \n            \u003C\/div\u003E\n            \u003Cdiv class=\u0022shop__products__info\u0022\u003E\n                \u003Ch3\u003E\n                    \u003Ca title=\u0022CAJONES\u0022\u003ECAJONES\u003C\/a\u003E\n                \u003C\/h3\u003E\n                \u003Cdiv class=\u0022py-1\u0022\u003EDaniel Mass Lorenzo\u003C\/div\u003E\n                                            \u003C\/div\u003E\n        \u003C\/div\u003E\n    \u003C\/div\u003E\n\n\n                                                    \n            \n                        \n                 \n    \n                        \n    \n    \n    \u003Cdiv class=\u0022col-lg-3 col-sm-6\u0022\u003E\n        \u003Cdiv class=\u0022shop__products__item hover__box\u0022 style=\u0022padding: 0 10px\u0022\u003E\n            \u003Cdiv class=\u0022shop__products__thumb hover__box__thumb flex align-items-center justify-content-center\u0022\u003E\n                                \u003Ca title=\u0022CANAL DE ARGUEBANES (PICOS DE EUROPA)\u0022 href=\u0022https:\/\/www.mundoarti.com\/media\/cache\/resolve\/watermark_filter\/foto-obra\/63e3eb191e0434.49170044-ADI5701.jpeg\u0022 class=\u0022grid-item\u0022 rel=\u0022nofollow\u0022\u003E\n                                        \u003Cimg data-src=\u0022https:\/\/www.mundoarti.com\/media\/cache\/resolve\/watermark_filter\/foto-obra\/63e3eb191e0434.49170044-ADI5701.jpeg\u0022\n                         alt=\u0022CANAL DE ARGUEBANES (PICOS DE EUROPA)\u0022 class=\u0022lazyload\u0022\u003E\n                    \u003C\/a\u003E\n                                                                    \n            \u003C\/div\u003E\n            \u003Cdiv class=\u0022shop__products__info\u0022\u003E\n                \u003Ch3\u003E\n                    \u003Ca title=\u0022CANAL DE ARGUEBANES (PICOS DE EUROPA)\u0022\u003ECANAL DE ARGUEBANES (PICOS DE EUROPA)\u003C\/a\u003E\n                \u003C\/h3\u003E\n                \u003Cdiv class=\u0022py-1\u0022\u003EFernando Arias Ruiz\u003C\/div\u003E\n                                            \u003C\/div\u003E\n        \u003C\/div\u003E\n    \u003C\/div\u003E\n\n\n                                            \u003C\/div\u003E\n                            \u003C\/div\u003E\n        \u003C\/div\u003E\n    \n    \u003Cscript src=\u0022\/assets\/frontend\/js\/plugins\/lightgallery.min.js\u0022 type=\u0022text\/javascript\u0022\u003E\u003C\/script\u003E\n    \u003Cscript src=\u0022\/assets\/frontend\/js\/plugins\/lightgalleryVimeoPlugin.min.js\u0022\n            type=\u0022text\/javascript\u0022\u003E\u003C\/script\u003E\n    \u003Cscript type=\u0022text\/javascript\u0022\u003E\n        $(\u0022.light_gallery\u0022).lightGallery({\n            selector: \u0027.grid-item\u0027\n        });\n    \u003C\/script\u003E\n"